{"id":5921,"date":"2021-11-12T14:22:17","date_gmt":"2021-11-12T19:22:17","guid":{"rendered":"https:\/\/bradleyertaskiran.com\/?p=5921"},"modified":"2023-03-10T14:30:01","modified_gmt":"2023-03-10T19:30:01","slug":"janet-werner-finaliste-au-prix-louis-comtois","status":"publish","type":"post","link":"https:\/\/bradleyertaskiran.com\/en\/janet-werner-finaliste-au-prix-louis-comtois\/","title":{"rendered":"Janet Werner, Prix Louis-Comtois finalist"},"content":{"rendered":"\n<p>Bradley Ertaskiran is thrilled to announce Janet Werner&#8217;s nomination to the Prix Louis-Comtois.<\/p>\n\n\n\n<p>A jury composed of professionals visual artists selected <strong>Janet Werner<\/strong>, <strong>Nadia Myre<\/strong> and <strong>Skawennati <\/strong>for this award dedicated to mid-career contemporary artists.<\/p>\n\n\n\n<p>The winner will be announced at a ceremony on Friday, <strong>November 26 at 8 p.m. at <a href=\"https:\/\/www.papiermontreal.com\/en\" target=\"_blank\" rel=\"noreferrer noopener\">Papier Art Fair.<\/a><\/strong><\/p>\n\n\n\n<p>In addition, this year, art lovers will be able to discover and admire the work of the three finalists at the fair. Their works will be exhibited in a booth dedicated to this award, from November 26 to 28 at the Grand Quay, Port of Montreal.<\/p>\n\n\n\n<p><a href=\"https:\/\/bradleyertaskiran.com\/en\/artists\/janet-werner-en\/\">To consult Janet Werner&#8217;s profile, please click here.<\/a><\/p>\n\n\n\n<p><a href=\"https:\/\/www.agac.ca\/en\/awards\/louis-comtois\/\" target=\"_blank\" rel=\"noreferrer noopener\">To consult the Louis-Comtois&#8217; website, please click here.<\/a><\/p>\n","protected":false},"excerpt":{"rendered":"<p>Bradley Ertaskiran is thrilled to announce Janet Werner&#8217;s nomination to the Prix Louis-Comtois.<\/p>\n","protected":false},"author":2,"featured_media":12569,"comment_status":"open","ping_status":"open","sticky":false,"template":"","format":"standard","meta":{"_acf_changed":false,"_monsterinsights_skip_tracking":false,"_monsterinsights_sitenote_active":false,"_monsterinsights_sitenote_note":"","_monsterinsights_sitenote_category":0,"footnotes":""},"categories":[2],"tags":[],"artists":[35],"class_list":["post-5921","post","type-post","status-publish","format-standard","has-post-thumbnail","hentry","category-uncategorized","artists-janet-werner-en"],"acf":[],"yoast_head":"<!-- This site is optimized with the Yoast SEO plugin v27.4 - https:\/\/yoast.com\/product\/yoast-seo-wordpress\/ -->\n<title>Janet Werner finaliste au Prix Louis-Comtois<\/title>\n<meta name=\"description\" content=\"Bradley Ertaskiran est fi\u00e8re d&#039;annoncer la nomination de Janet Werner au Prix Louis-Comtois, un prix d\u00e9cern\u00e9 par la Ville de Montr\u00e9al et destin\u00e9 aux artistes en art contemporain en mi-carri\u00e8re.\" \/>\n<meta name=\"robots\" content=\"index, follow, max-snippet:-1, max-image-preview:large, max-video-preview:-1\" \/>\n<link rel=\"canonical\" href=\"https:\/\/bradleyertaskiran.com\/en\/janet-werner-finaliste-au-prix-louis-comtois\/\" \/>\n<meta property=\"og:locale\" content=\"en_US\" \/>\n<meta property=\"og:type\" content=\"article\" \/>\n<meta property=\"og:title\" content=\"Janet Werner finaliste au Prix Louis-Comtois\" \/>\n<meta property=\"og:description\" content=\"Bradley Ertaskiran est fi\u00e8re d&#039;annoncer la nomination de Janet Werner au Prix Louis-Comtois, un prix d\u00e9cern\u00e9 par la Ville de Montr\u00e9al et destin\u00e9 aux artistes en art contemporain en mi-carri\u00e8re.\" \/>\n<meta property=\"og:url\" content=\"https:\/\/bradleyertaskiran.com\/en\/janet-werner-finaliste-au-prix-louis-comtois\/\" \/>\n<meta property=\"og:site_name\" content=\"Bradley Ertaskiran\" \/>\n<meta property=\"article:published_time\" content=\"2021-11-12T19:22:17+00:00\" \/>\n<meta property=\"article:modified_time\" content=\"2023-03-10T19:30:01+00:00\" \/>\n<meta property=\"og:image\" content=\"https:\/\/bradleyertaskiran.com\/wp-content\/uploads\/2023\/03\/Janet-Werner_2020_Orange-split_33x26__Bradley-Ertaskiran-copy.jpg\" \/>\n\t<meta property=\"og:image:width\" content=\"1941\" \/>\n\t<meta property=\"og:image:height\" content=\"1386\" \/>\n\t<meta property=\"og:image:type\" content=\"image\/jpeg\" \/>\n<meta name=\"author\" content=\"Bradley Ertaskiran\" \/>\n<meta name=\"twitter:card\" content=\"summary_large_image\" \/>\n<meta name=\"twitter:label1\" content=\"Written by\" \/>\n\t<meta name=\"twitter:data1\" content=\"Bradley Ertaskiran\" \/>\n\t<meta name=\"twitter:label2\" content=\"Est. reading time\" \/>\n\t<meta name=\"twitter:data2\" content=\"1 minute\" \/>\n<script type=\"application\/ld+json\" class=\"yoast-schema-graph\">{\"@context\":\"https:\\\/\\\/schema.org\",\"@graph\":[{\"@type\":\"Article\",\"@id\":\"https:\\\/\\\/bradleyertaskiran.com\\\/en\\\/janet-werner-finaliste-au-prix-louis-comtois\\\/#article\",\"isPartOf\":{\"@id\":\"https:\\\/\\\/bradleyertaskiran.com\\\/en\\\/janet-werner-finaliste-au-prix-louis-comtois\\\/\"},\"author\":{\"name\":\"Bradley Ertaskiran\",\"@id\":\"https:\\\/\\\/bradleyertaskiran.com\\\/#\\\/schema\\\/person\\\/35697d445518a3068f4287fc47ae32ac\"},\"headline\":\"Janet Werner, Prix Louis-Comtois finalist\",\"datePublished\":\"2021-11-12T19:22:17+00:00\",\"dateModified\":\"2023-03-10T19:30:01+00:00\",\"mainEntityOfPage\":{\"@id\":\"https:\\\/\\\/bradleyertaskiran.com\\\/en\\\/janet-werner-finaliste-au-prix-louis-comtois\\\/\"},\"wordCount\":120,\"commentCount\":0,\"image\":{\"@id\":\"https:\\\/\\\/bradleyertaskiran.com\\\/en\\\/janet-werner-finaliste-au-prix-louis-comtois\\\/#primaryimage\"},\"thumbnailUrl\":\"https:\\\/\\\/bradleyertaskiran.com\\\/wp-content\\\/uploads\\\/2023\\\/03\\\/Janet-Werner_2020_Orange-split_33x26__Bradley-Ertaskiran-copy.jpg\",\"inLanguage\":\"en-US\",\"potentialAction\":[{\"@type\":\"CommentAction\",\"name\":\"Comment\",\"target\":[\"https:\\\/\\\/bradleyertaskiran.com\\\/en\\\/janet-werner-finaliste-au-prix-louis-comtois\\\/#respond\"]}]},{\"@type\":\"WebPage\",\"@id\":\"https:\\\/\\\/bradleyertaskiran.com\\\/en\\\/janet-werner-finaliste-au-prix-louis-comtois\\\/\",\"url\":\"https:\\\/\\\/bradleyertaskiran.com\\\/en\\\/janet-werner-finaliste-au-prix-louis-comtois\\\/\",\"name\":\"Janet Werner finaliste au Prix Louis-Comtois\",\"isPartOf\":{\"@id\":\"https:\\\/\\\/bradleyertaskiran.com\\\/#website\"},\"primaryImageOfPage\":{\"@id\":\"https:\\\/\\\/bradleyertaskiran.com\\\/en\\\/janet-werner-finaliste-au-prix-louis-comtois\\\/#primaryimage\"},\"image\":{\"@id\":\"https:\\\/\\\/bradleyertaskiran.com\\\/en\\\/janet-werner-finaliste-au-prix-louis-comtois\\\/#primaryimage\"},\"thumbnailUrl\":\"https:\\\/\\\/bradleyertaskiran.com\\\/wp-content\\\/uploads\\\/2023\\\/03\\\/Janet-Werner_2020_Orange-split_33x26__Bradley-Ertaskiran-copy.jpg\",\"datePublished\":\"2021-11-12T19:22:17+00:00\",\"dateModified\":\"2023-03-10T19:30:01+00:00\",\"author\":{\"@id\":\"https:\\\/\\\/bradleyertaskiran.com\\\/#\\\/schema\\\/person\\\/35697d445518a3068f4287fc47ae32ac\"},\"description\":\"Bradley Ertaskiran est fi\u00e8re d'annoncer la nomination de Janet Werner au Prix Louis-Comtois, un prix d\u00e9cern\u00e9 par la Ville de Montr\u00e9al et destin\u00e9 aux artistes en art contemporain en mi-carri\u00e8re.\",\"breadcrumb\":{\"@id\":\"https:\\\/\\\/bradleyertaskiran.com\\\/en\\\/janet-werner-finaliste-au-prix-louis-comtois\\\/#breadcrumb\"},\"inLanguage\":\"en-US\",\"potentialAction\":[{\"@type\":\"ReadAction\",\"target\":[\"https:\\\/\\\/bradleyertaskiran.com\\\/en\\\/janet-werner-finaliste-au-prix-louis-comtois\\\/\"]}]},{\"@type\":\"ImageObject\",\"inLanguage\":\"en-US\",\"@id\":\"https:\\\/\\\/bradleyertaskiran.com\\\/en\\\/janet-werner-finaliste-au-prix-louis-comtois\\\/#primaryimage\",\"url\":\"https:\\\/\\\/bradleyertaskiran.com\\\/wp-content\\\/uploads\\\/2023\\\/03\\\/Janet-Werner_2020_Orange-split_33x26__Bradley-Ertaskiran-copy.jpg\",\"contentUrl\":\"https:\\\/\\\/bradleyertaskiran.com\\\/wp-content\\\/uploads\\\/2023\\\/03\\\/Janet-Werner_2020_Orange-split_33x26__Bradley-Ertaskiran-copy.jpg\",\"width\":1941,\"height\":1386},{\"@type\":\"BreadcrumbList\",\"@id\":\"https:\\\/\\\/bradleyertaskiran.com\\\/en\\\/janet-werner-finaliste-au-prix-louis-comtois\\\/#breadcrumb\",\"itemListElement\":[{\"@type\":\"ListItem\",\"position\":1,\"name\":\"Accueil\",\"item\":\"https:\\\/\\\/bradleyertaskiran.com\\\/en\\\/\"},{\"@type\":\"ListItem\",\"position\":2,\"name\":\"Janet Werner, Prix Louis-Comtois finalist\"}]},{\"@type\":\"WebSite\",\"@id\":\"https:\\\/\\\/bradleyertaskiran.com\\\/#website\",\"url\":\"https:\\\/\\\/bradleyertaskiran.com\\\/\",\"name\":\"Bradley Ertaskiran\",\"description\":\"Contemporary art gallery\",\"potentialAction\":[{\"@type\":\"SearchAction\",\"target\":{\"@type\":\"EntryPoint\",\"urlTemplate\":\"https:\\\/\\\/bradleyertaskiran.com\\\/?s={search_term_string}\"},\"query-input\":{\"@type\":\"PropertyValueSpecification\",\"valueRequired\":true,\"valueName\":\"search_term_string\"}}],\"inLanguage\":\"en-US\"},{\"@type\":\"Person\",\"@id\":\"https:\\\/\\\/bradleyertaskiran.com\\\/#\\\/schema\\\/person\\\/35697d445518a3068f4287fc47ae32ac\",\"name\":\"Bradley Ertaskiran\",\"image\":{\"@type\":\"ImageObject\",\"inLanguage\":\"en-US\",\"@id\":\"https:\\\/\\\/secure.gravatar.com\\\/avatar\\\/cf7082e4989271da15c1877157cfbf3d618392beb1f8af833bcb7f07e9e72356?s=96&d=mm&r=g\",\"url\":\"https:\\\/\\\/secure.gravatar.com\\\/avatar\\\/cf7082e4989271da15c1877157cfbf3d618392beb1f8af833bcb7f07e9e72356?s=96&d=mm&r=g\",\"contentUrl\":\"https:\\\/\\\/secure.gravatar.com\\\/avatar\\\/cf7082e4989271da15c1877157cfbf3d618392beb1f8af833bcb7f07e9e72356?s=96&d=mm&r=g\",\"caption\":\"Bradley Ertaskiran\"},\"sameAs\":[\"https:\\\/\\\/bradleyertaskiran.com\"],\"url\":\"https:\\\/\\\/bradleyertaskiran.com\\\/en\\\/author\\\/bradleyertaskiran\\\/\"}]}<\/script>\n<!-- \/ Yoast SEO plugin. -->","yoast_head_json":{"title":"Janet Werner finaliste au Prix Louis-Comtois","description":"Bradley Ertaskiran est fi\u00e8re d'annoncer la nomination de Janet Werner au Prix Louis-Comtois, un prix d\u00e9cern\u00e9 par la Ville de Montr\u00e9al et destin\u00e9 aux artistes en art contemporain en mi-carri\u00e8re.","robots":{"index":"index","follow":"follow","max-snippet":"max-snippet:-1","max-image-preview":"max-image-preview:large","max-video-preview":"max-video-preview:-1"},"canonical":"https:\/\/bradleyertaskiran.com\/en\/janet-werner-finaliste-au-prix-louis-comtois\/","og_locale":"en_US","og_type":"article","og_title":"Janet Werner finaliste au Prix Louis-Comtois","og_description":"Bradley Ertaskiran est fi\u00e8re d'annoncer la nomination de Janet Werner au Prix Louis-Comtois, un prix d\u00e9cern\u00e9 par la Ville de Montr\u00e9al et destin\u00e9 aux artistes en art contemporain en mi-carri\u00e8re.","og_url":"https:\/\/bradleyertaskiran.com\/en\/janet-werner-finaliste-au-prix-louis-comtois\/","og_site_name":"Bradley Ertaskiran","article_published_time":"2021-11-12T19:22:17+00:00","article_modified_time":"2023-03-10T19:30:01+00:00","og_image":[{"width":1941,"height":1386,"url":"https:\/\/bradleyertaskiran.com\/wp-content\/uploads\/2023\/03\/Janet-Werner_2020_Orange-split_33x26__Bradley-Ertaskiran-copy.jpg","type":"image\/jpeg"}],"author":"Bradley Ertaskiran","twitter_card":"summary_large_image","twitter_misc":{"Written by":"Bradley Ertaskiran","Est. reading time":"1 minute"},"schema":{"@context":"https:\/\/schema.org","@graph":[{"@type":"Article","@id":"https:\/\/bradleyertaskiran.com\/en\/janet-werner-finaliste-au-prix-louis-comtois\/#article","isPartOf":{"@id":"https:\/\/bradleyertaskiran.com\/en\/janet-werner-finaliste-au-prix-louis-comtois\/"},"author":{"name":"Bradley Ertaskiran","@id":"https:\/\/bradleyertaskiran.com\/#\/schema\/person\/35697d445518a3068f4287fc47ae32ac"},"headline":"Janet Werner, Prix Louis-Comtois finalist","datePublished":"2021-11-12T19:22:17+00:00","dateModified":"2023-03-10T19:30:01+00:00","mainEntityOfPage":{"@id":"https:\/\/bradleyertaskiran.com\/en\/janet-werner-finaliste-au-prix-louis-comtois\/"},"wordCount":120,"commentCount":0,"image":{"@id":"https:\/\/bradleyertaskiran.com\/en\/janet-werner-finaliste-au-prix-louis-comtois\/#primaryimage"},"thumbnailUrl":"https:\/\/bradleyertaskiran.com\/wp-content\/uploads\/2023\/03\/Janet-Werner_2020_Orange-split_33x26__Bradley-Ertaskiran-copy.jpg","inLanguage":"en-US","potentialAction":[{"@type":"CommentAction","name":"Comment","target":["https:\/\/bradleyertaskiran.com\/en\/janet-werner-finaliste-au-prix-louis-comtois\/#respond"]}]},{"@type":"WebPage","@id":"https:\/\/bradleyertaskiran.com\/en\/janet-werner-finaliste-au-prix-louis-comtois\/","url":"https:\/\/bradleyertaskiran.com\/en\/janet-werner-finaliste-au-prix-louis-comtois\/","name":"Janet Werner finaliste au Prix Louis-Comtois","isPartOf":{"@id":"https:\/\/bradleyertaskiran.com\/#website"},"primaryImageOfPage":{"@id":"https:\/\/bradleyertaskiran.com\/en\/janet-werner-finaliste-au-prix-louis-comtois\/#primaryimage"},"image":{"@id":"https:\/\/bradleyertaskiran.com\/en\/janet-werner-finaliste-au-prix-louis-comtois\/#primaryimage"},"thumbnailUrl":"https:\/\/bradleyertaskiran.com\/wp-content\/uploads\/2023\/03\/Janet-Werner_2020_Orange-split_33x26__Bradley-Ertaskiran-copy.jpg","datePublished":"2021-11-12T19:22:17+00:00","dateModified":"2023-03-10T19:30:01+00:00","author":{"@id":"https:\/\/bradleyertaskiran.com\/#\/schema\/person\/35697d445518a3068f4287fc47ae32ac"},"description":"Bradley Ertaskiran est fi\u00e8re d'annoncer la nomination de Janet Werner au Prix Louis-Comtois, un prix d\u00e9cern\u00e9 par la Ville de Montr\u00e9al et destin\u00e9 aux artistes en art contemporain en mi-carri\u00e8re.","breadcrumb":{"@id":"https:\/\/bradleyertaskiran.com\/en\/janet-werner-finaliste-au-prix-louis-comtois\/#breadcrumb"},"inLanguage":"en-US","potentialAction":[{"@type":"ReadAction","target":["https:\/\/bradleyertaskiran.com\/en\/janet-werner-finaliste-au-prix-louis-comtois\/"]}]},{"@type":"ImageObject","inLanguage":"en-US","@id":"https:\/\/bradleyertaskiran.com\/en\/janet-werner-finaliste-au-prix-louis-comtois\/#primaryimage","url":"https:\/\/bradleyertaskiran.com\/wp-content\/uploads\/2023\/03\/Janet-Werner_2020_Orange-split_33x26__Bradley-Ertaskiran-copy.jpg","contentUrl":"https:\/\/bradleyertaskiran.com\/wp-content\/uploads\/2023\/03\/Janet-Werner_2020_Orange-split_33x26__Bradley-Ertaskiran-copy.jpg","width":1941,"height":1386},{"@type":"BreadcrumbList","@id":"https:\/\/bradleyertaskiran.com\/en\/janet-werner-finaliste-au-prix-louis-comtois\/#breadcrumb","itemListElement":[{"@type":"ListItem","position":1,"name":"Accueil","item":"https:\/\/bradleyertaskiran.com\/en\/"},{"@type":"ListItem","position":2,"name":"Janet Werner, Prix Louis-Comtois finalist"}]},{"@type":"WebSite","@id":"https:\/\/bradleyertaskiran.com\/#website","url":"https:\/\/bradleyertaskiran.com\/","name":"Bradley Ertaskiran","description":"Contemporary art gallery","potentialAction":[{"@type":"SearchAction","target":{"@type":"EntryPoint","urlTemplate":"https:\/\/bradleyertaskiran.com\/?s={search_term_string}"},"query-input":{"@type":"PropertyValueSpecification","valueRequired":true,"valueName":"search_term_string"}}],"inLanguage":"en-US"},{"@type":"Person","@id":"https:\/\/bradleyertaskiran.com\/#\/schema\/person\/35697d445518a3068f4287fc47ae32ac","name":"Bradley Ertaskiran","image":{"@type":"ImageObject","inLanguage":"en-US","@id":"https:\/\/secure.gravatar.com\/avatar\/cf7082e4989271da15c1877157cfbf3d618392beb1f8af833bcb7f07e9e72356?s=96&d=mm&r=g","url":"https:\/\/secure.gravatar.com\/avatar\/cf7082e4989271da15c1877157cfbf3d618392beb1f8af833bcb7f07e9e72356?s=96&d=mm&r=g","contentUrl":"https:\/\/secure.gravatar.com\/avatar\/cf7082e4989271da15c1877157cfbf3d618392beb1f8af833bcb7f07e9e72356?s=96&d=mm&r=g","caption":"Bradley Ertaskiran"},"sameAs":["https:\/\/bradleyertaskiran.com"],"url":"https:\/\/bradleyertaskiran.com\/en\/author\/bradleyertaskiran\/"}]}},"_links":{"self":[{"href":"https:\/\/bradleyertaskiran.com\/en\/wp-json\/wp\/v2\/posts\/5921","targetHints":{"allow":["GET"]}}],"collection":[{"href":"https:\/\/bradleyertaskiran.com\/en\/wp-json\/wp\/v2\/posts"}],"about":[{"href":"https:\/\/bradleyertaskiran.com\/en\/wp-json\/wp\/v2\/types\/post"}],"author":[{"embeddable":true,"href":"https:\/\/bradleyertaskiran.com\/en\/wp-json\/wp\/v2\/users\/2"}],"replies":[{"embeddable":true,"href":"https:\/\/bradleyertaskiran.com\/en\/wp-json\/wp\/v2\/comments?post=5921"}],"version-history":[{"count":3,"href":"https:\/\/bradleyertaskiran.com\/en\/wp-json\/wp\/v2\/posts\/5921\/revisions"}],"predecessor-version":[{"id":6105,"href":"https:\/\/bradleyertaskiran.com\/en\/wp-json\/wp\/v2\/posts\/5921\/revisions\/6105"}],"wp:featuredmedia":[{"embeddable":true,"href":"https:\/\/bradleyertaskiran.com\/en\/wp-json\/wp\/v2\/media\/12569"}],"wp:attachment":[{"href":"https:\/\/bradleyertaskiran.com\/en\/wp-json\/wp\/v2\/media?parent=5921"}],"wp:term":[{"taxonomy":"category","embeddable":true,"href":"https:\/\/bradleyertaskiran.com\/en\/wp-json\/wp\/v2\/categories?post=5921"},{"taxonomy":"post_tag","embeddable":true,"href":"https:\/\/bradleyertaskiran.com\/en\/wp-json\/wp\/v2\/tags?post=5921"},{"taxonomy":"artists","embeddable":true,"href":"https:\/\/bradleyertaskiran.com\/en\/wp-json\/wp\/v2\/artists?post=5921"}],"curies":[{"name":"wp","href":"https:\/\/api.w.org\/{rel}","templated":true}]}}